{"id":111,"date":"2018-12-25T20:54:12","date_gmt":"2018-12-25T20:54:12","guid":{"rendered":"https:\/\/www.selamli.com\/site\/?p=111"},"modified":"2019-10-01T20:56:15","modified_gmt":"2019-10-01T20:56:15","slug":"dernek-faaliyetleri-2017","status":"publish","type":"post","link":"https:\/\/www.selamli.com\/site\/2018\/12\/25\/dernek-faaliyetleri-2017\/","title":{"rendered":"Dernek Faaliyetleri &#8211; 2017"},"content":{"rendered":"\n<p>1-Derne\u011fimiz y\u00f6netim kurulu \u00fcyeleriyle y\u0131l i\u00e7inde nelerin yap\u0131laca\u011f\u0131 konusunda isti\u015fare toplant\u0131s\u0131nda bulunmu\u015flard\u0131r.<\/p>\n\n\n\n<p>2-Y\u0131l i\u00e7erisindeki ola\u011fan toplant\u0131s\u0131n\u0131 yapm\u0131\u015ft\u0131r.<\/p>\n\n\n\n<p>3-Toplant\u0131da b\u00fct\u00e7e ve faaliyetler okunarak karara ba\u011flanm\u0131\u015ft\u0131r.<\/p>\n\n\n\n<p>4-Bu toplant\u0131 sonunda se\u00e7imle yeni y\u00f6netim kurulu \u00fcyeleriyle, yeni denetim kurulu \u00fcyeleri belirlenmi\u015ftir. <\/p>\n\n\n\n<p>5-\u00dcyelerimizin cenazelerinde gerekli yard\u0131mlar yap\u0131lm\u0131\u015ft\u0131r.                                                                                       <\/p>\n\n\n\n<p>6-T\u00fcrkmen yaylas\u0131ndaki t\u00fcrbe yak\u0131n\u0131nda yap\u0131lan \u00e7e\u015fme suyunun kesilmesi sonucu yeniden ek bir ilave \u00e7al\u0131\u015fmalar\u0131nda bulunulmu\u015ftur.                                                                                                                                     <\/p>\n\n\n\n<p>7-Mezarl\u0131\u011f\u0131n kuruyan otlar\u0131n\u0131n bi\u00e7ilmesi sa\u011flanm\u0131\u015ft\u0131r.<\/p>\n\n\n\n<p>8-Mezarl\u0131ktaki sevkiyat suyunun, mezarl\u0131\u011f\u0131n g\u00fcney cephesine ta\u015f\u0131nmas\u0131 yap\u0131lm\u0131\u015f, sulama hortumlar\u0131 al\u0131nm\u0131\u015ft\u0131r.<\/p>\n\n\n\n<p>9-Aidatlar\u0131n zaman\u0131nda toplanmas\u0131 i\u00e7in \u00fcyelere gerekli duyurularda bulunulmu\u015ftur.  <\/p>\n\n\n\n<p>9-Yap\u0131lacak gerekli projeler i\u00e7in \u00fcyelerden g\u00f6r\u00fc\u015fler al\u0131nm\u0131\u015ft\u0131r.<\/p>\n\n\n\n<p>Gelecek y\u0131llarda da k\u00f6y\u00fcm\u00fcz i\u00e7in derne\u011fin ne gibi \u00e7al\u0131\u015fmalarda ve yard\u0131mlarda bulunulmas\u0131 imkanlar \u00f6l\u00e7\u00fcs\u00fcnde yap\u0131lacakt\u0131r.<\/p>\n\n\n\n<p>Bu u\u011furda \u00fcyelerimiz ve k\u00f6yl\u00fclerimize katk\u0131lar\u0131ndan dolay\u0131 te\u015fekk\u00fcrlerimi sunar\u0131m.<\/p>\n\n\n\n<p>\u00c7al\u0131\u015fmalar bizden, ba\u015far\u0131 Allah\u2019tand\u0131r.<\/p>\n\n\n\n<p>Sinan ARSLAN<br>Dernek Ba\u015fkan\u0131<\/p>\n","protected":false},"excerpt":{"rendered":"<p>1-Derne\u011fimiz y\u00f6netim kurulu \u00fcyeleriyle y\u0131l i\u00e7inde nelerin yap\u0131laca\u011f\u0131 konusunda isti\u015fare toplant\u0131s\u0131nda bulunmu\u015flard\u0131r. 2-Y\u0131l i\u00e7erisindeki ola\u011fan toplant\u0131s\u0131n\u0131 [&hellip;]<\/p>\n","protected":false},"author":4,"featured_media":107,"comment_status":"open","ping_status":"open","sticky":false,"template":"","format":"standard","meta":{"footnotes":""},"categories":[5],"tags":[8],"class_list":["post-111","post","type-post","status-publish","format-standard","has-post-thumbnail","hentry","category-selamli-dernek","tag-selamli-dernek-calismalari"],"_links":{"self":[{"href":"https:\/\/www.selamli.com\/site\/wp-json\/wp\/v2\/posts\/111","targetHints":{"allow":["GET"]}}],"collection":[{"href":"https:\/\/www.selamli.com\/site\/wp-json\/wp\/v2\/posts"}],"about":[{"href":"https:\/\/www.selamli.com\/site\/wp-json\/wp\/v2\/types\/post"}],"author":[{"embeddable":true,"href":"https:\/\/www.selamli.com\/site\/wp-json\/wp\/v2\/users\/4"}],"replies":[{"embeddable":true,"href":"https:\/\/www.selamli.com\/site\/wp-json\/wp\/v2\/comments?post=111"}],"version-history":[{"count":1,"href":"https:\/\/www.selamli.com\/site\/wp-json\/wp\/v2\/posts\/111\/revisions"}],"predecessor-version":[{"id":112,"href":"https:\/\/www.selamli.com\/site\/wp-json\/wp\/v2\/posts\/111\/revisions\/112"}],"wp:featuredmedia":[{"embeddable":true,"href":"https:\/\/www.selamli.com\/site\/wp-json\/wp\/v2\/media\/107"}],"wp:attachment":[{"href":"https:\/\/www.selamli.com\/site\/wp-json\/wp\/v2\/media?parent=111"}],"wp:term":[{"taxonomy":"category","embeddable":true,"href":"https:\/\/www.selamli.com\/site\/wp-json\/wp\/v2\/categories?post=111"},{"taxonomy":"post_tag","embeddable":true,"href":"https:\/\/www.selamli.com\/site\/wp-json\/wp\/v2\/tags?post=111"}],"curies":[{"name":"wp","href":"https:\/\/api.w.org\/{rel}","templated":true}]}}