{"id":113,"date":"2019-01-01T20:56:24","date_gmt":"2019-01-01T20:56:24","guid":{"rendered":"https:\/\/www.selamli.com\/site\/?p=113"},"modified":"2019-10-01T20:59:30","modified_gmt":"2019-10-01T20:59:30","slug":"dernek-faaliyetleri-2018","status":"publish","type":"post","link":"https:\/\/www.selamli.com\/site\/2019\/01\/01\/dernek-faaliyetleri-2018\/","title":{"rendered":"Dernek Faaliyetleri &#8211; 2018"},"content":{"rendered":"\n<p>Derne\u011fimiz kuruldu\u011fu y\u0131ldan beri gerekli olan i\u015fleri \u00e7al\u0131\u015fma plan\u0131 i\u00e7ine alarak, k\u00f6y\u00fcm\u00fcz\u00fcn istifadesine sunmu\u015ftur. Bu itibarla 2018 y\u0131l\u0131 i\u00e7erisinde a\u015fa\u011f\u0131da belirtilen i\u015fler yap\u0131lm\u0131\u015ft\u0131r.<\/p>\n\n\n\n<p>1-\u00c7aml\u0131kta bulunan \u00e7e\u015fmenin yenilenme i\u015fi.<\/p>\n\n\n\n<p>2- K\u00f6y su \u015febekesinin sa\u011fl\u0131kl\u0131 akmas\u0131 i\u00e7in k\u00f6yde ve \u00fcst makamlarda g\u00f6r\u00fc\u015fme ve koordinasyonun sa\u011flanmas\u0131 .<\/p>\n\n\n\n<p>3-Cami tadilat\u0131n\u0131n yap\u0131lmas\u0131 i\u00e7in k\u00f6yl\u00fcy\u00fc toplay\u0131p karar\u0131n al\u0131nmas\u0131 sa\u011flanarak balya paralar\u0131n\u0131n camiye y\u00f6nlendirilmesi.<\/p>\n\n\n\n<p>4-Cami taban tahtas\u0131n\u0131n s\u00f6k\u00fcl\u00fcp tesviye edilmesi.<\/p>\n\n\n\n<p>5-\u0130nce ta\u015f serip \u00fczerine haz\u0131r beton d\u00f6k\u00fclmesi.<\/p>\n\n\n\n<p>6-Cami i\u00e7inin yeniden boyanmas\u0131 ve k\u0131r\u0131k yerlerinin tamirat\u0131.<\/p>\n\n\n\n<p>7-Cami elektrik pano ve sisteminin elden ge\u00e7irilip yenilenmesi.<\/p>\n\n\n\n<p>8-Cami taban\u0131n parke, duvarlar\u0131n laminat kaplama i\u015fleri.<\/p>\n\n\n\n<p>9-Cami tavan\u0131n silinip vernikle cilalanmas\u0131.<\/p>\n\n\n\n<p>10-Cami \u00e7at\u0131s\u0131n\u0131n i\u00e7 k\u0131sm\u0131n\u0131n temizlenerek tamirat\u0131n\u0131n yap\u0131lmas\u0131<\/p>\n\n\n\n<p>11-Minarenin tamirat ve boyanma i\u015fi.<\/p>\n\n\n\n<p>12-Cami taban hal\u0131s\u0131n\u0131n ve avizenin yenilenmesi.<\/p>\n\n\n\n<p>13-Minarenin \u0131\u015f\u0131kland\u0131r\u0131lmas\u0131 ve kitapl\u0131\u011fa kavu\u015fturulmas\u0131.<\/p>\n\n\n\n<p>14-\u0130mam evinin balkon ve camekan k\u0131sm\u0131n\u0131n yap\u0131lmas\u0131.<\/p>\n\n\n\n<p>Yukar\u0131da ana hatlar\u0131yla bahsi ge\u00e7en b\u00fct\u00fcn i\u015fler ba\u015fkanl\u0131\u011f\u0131m\u0131z \u00fcyelerimiz, bu i\u015fe g\u00f6n\u00fcl veren k\u00f6yl\u00fclerimiz ve k\u00f6y d\u0131\u015f\u0131ndan hay\u0131rsever insanlar\u0131m\u0131z\u0131n yard\u0131m ve katk\u0131lar\u0131yla i\u015fe ba\u015flayarak mutlu sona var\u0131lm\u0131\u015ft\u0131r.<\/p>\n\n\n\n<p>De\u011ferli k\u00f6yl\u00fclerimizin kiminin yeme\u011fi, kiminin eme\u011fi ve kiminin de dualar\u0131yla birlik i\u00e7erisinde bu i\u015f ba\u015far\u0131lm\u0131\u015ft\u0131r. Ayr\u0131ca cami imam\u0131 say\u0131n Selam hocam\u0131z\u0131n, Davut ustam\u0131z\u0131n  yo\u011fun gayret ve te\u015fvikleri takdire \u015fayand\u0131r.<\/p>\n\n\n\n<p>Her ne \u015fekilde olursa olsun; y\u00fcre\u011fi, eme\u011fi, ekme\u011fi, al\u0131n teri ve kesesiyle bu i\u015fte tuzu bulunan herkese Allah raz\u0131 olsun diyor, te\u015fekk\u00fcr ediyor ve hay\u0131rl\u0131 olsun diyorum. <\/p>\n\n\n\n<p>Sinan ARSLAN<br>Dernek Ba\u015fkan\u0131<\/p>\n","protected":false},"excerpt":{"rendered":"<p>Derne\u011fimiz kuruldu\u011fu y\u0131ldan beri gerekli olan i\u015fleri \u00e7al\u0131\u015fma plan\u0131 i\u00e7ine alarak, k\u00f6y\u00fcm\u00fcz\u00fcn istifadesine sunmu\u015ftur. Bu itibarla [&hellip;]<\/p>\n","protected":false},"author":4,"featured_media":107,"comment_status":"open","ping_status":"open","sticky":false,"template":"","format":"standard","meta":{"footnotes":""},"categories":[5],"tags":[8],"class_list":["post-113","post","type-post","status-publish","format-standard","has-post-thumbnail","hentry","category-selamli-dernek","tag-selamli-dernek-calismalari"],"_links":{"self":[{"href":"https:\/\/www.selamli.com\/site\/wp-json\/wp\/v2\/posts\/113","targetHints":{"allow":["GET"]}}],"collection":[{"href":"https:\/\/www.selamli.com\/site\/wp-json\/wp\/v2\/posts"}],"about":[{"href":"https:\/\/www.selamli.com\/site\/wp-json\/wp\/v2\/types\/post"}],"author":[{"embeddable":true,"href":"https:\/\/www.selamli.com\/site\/wp-json\/wp\/v2\/users\/4"}],"replies":[{"embeddable":true,"href":"https:\/\/www.selamli.com\/site\/wp-json\/wp\/v2\/comments?post=113"}],"version-history":[{"count":1,"href":"https:\/\/www.selamli.com\/site\/wp-json\/wp\/v2\/posts\/113\/revisions"}],"predecessor-version":[{"id":114,"href":"https:\/\/www.selamli.com\/site\/wp-json\/wp\/v2\/posts\/113\/revisions\/114"}],"wp:featuredmedia":[{"embeddable":true,"href":"https:\/\/www.selamli.com\/site\/wp-json\/wp\/v2\/media\/107"}],"wp:attachment":[{"href":"https:\/\/www.selamli.com\/site\/wp-json\/wp\/v2\/media?parent=113"}],"wp:term":[{"taxonomy":"category","embeddable":true,"href":"https:\/\/www.selamli.com\/site\/wp-json\/wp\/v2\/categories?post=113"},{"taxonomy":"post_tag","embeddable":true,"href":"https:\/\/www.selamli.com\/site\/wp-json\/wp\/v2\/tags?post=113"}],"curies":[{"name":"wp","href":"https:\/\/api.w.org\/{rel}","templated":true}]}}