{"id":117,"date":"2007-12-31T21:13:05","date_gmt":"2007-12-31T21:13:05","guid":{"rendered":"https:\/\/www.selamli.com\/site\/?p=117"},"modified":"2026-03-03T22:15:18","modified_gmt":"2026-03-03T22:15:18","slug":"aramizdan-ayrilanlar","status":"publish","type":"post","link":"https:\/\/www.selamli.com\/site\/2007\/12\/31\/aramizdan-ayrilanlar\/","title":{"rendered":"Aram\u0131zdan Ayr\u0131lanlar"},"content":{"rendered":"\n<h4 class=\"wp-block-heading\">1999 Y\u0131l\u0131ndan \u0130tibaren K\u00f6y\u00fcm\u00fczden Vefat Edenlerin Listesi<\/h4>\n\n\n\n<p>Allah rahmet eylesin.<\/p>\n\n\n\n<h3 class=\"wp-block-heading\"><br>1999<\/h3>\n\n\n\n<figure class=\"wp-block-table\"><table><tbody><tr><td><strong>Kim&nbsp;<br><\/strong><\/td><td><strong>Bilgi&nbsp;<br><\/strong><\/td><td><strong>Tarih&nbsp;<br><\/strong><\/td><\/tr><tr><td>\u0130brahim Ero\u011flu &nbsp; &nbsp;<\/td><td>Dilekten do\u011fma Ahmet o\u011flu&nbsp;<\/td><td>05.06.1999<\/td><\/tr><tr><td>Serpil Arslan<\/td><td>Rufiye&#8217;den do\u011fma Ali k\u0131z\u0131<\/td><td>06.10.1999<\/td><\/tr><tr><td>\u00d6mer Do\u011fan<\/td><td>H\u00fcsne&#8217;den do\u011fma Abdullah o\u011flu<\/td><td>Tarih Bulunamad\u0131<\/td><\/tr><tr><td>Mevl\u00fcdiye Do\u011fan<\/td><td>Zeynep&#8217;ten do\u011fma Halim k\u0131z\u0131<\/td><td>Tarih Bulunamad\u0131<\/td><\/tr><tr><td>\u00d6mer Do\u011fan<\/td><td>Bilgi Bulunamad\u0131&nbsp;<\/td><td>13.12.1999<\/td><\/tr><tr><td>Bekir Arslan<\/td><td>Fadime&#8217;den do\u011fma \u00d6mer o\u011flu<\/td><td>25.12.1999<\/td><\/tr><tr><td>Halil Kaplan<\/td><td>Ay\u015fe&#8217;den do\u011fma Ahmet o\u011flu<\/td><td>29.12.1999<\/td><\/tr><tr><td>Osman Solak<\/td><td>Atiyye&#8217;den do\u011fma Mustafa o\u011flu<\/td><td>Tarih Bulunumad\u0131<\/td><\/tr><\/tbody><\/table><\/figure>\n\n\n\n<h3 class=\"wp-block-heading\"><br>2000<\/h3>\n\n\n\n<figure class=\"wp-block-table\"><table><tbody><tr><td><strong>Kim&nbsp;<\/strong>&nbsp;<\/td><td><strong>Bilgi<\/strong><\/td><td><strong>Tarih&nbsp;<\/strong>&nbsp;<\/td><\/tr><tr><td>Mustafa Ero\u011flu<\/td><td>D\u00f6nd\u00fc&#8217;den do\u011fma \u00d6mer o\u011flu&nbsp;<\/td><td>04.01.2000&nbsp;<\/td><\/tr><tr><td>Zeynep Arslan<\/td><td>H\u00fcsne&#8217;den do\u011fma Abdullah o\u011flu<\/td><td>24.05.2000<\/td><\/tr><tr><td>Mustafa Do\u011fan<\/td><td>Pempe&#8217;den do\u011fma Kamil o\u011flu<\/td><td>19.06.2000<\/td><\/tr><tr><td>G\u00fclcemal Arslan<\/td><td>Fatma&#8217;dan do\u011fma Ahmet k\u0131z\u0131<\/td><td>22.10.2000<\/td><\/tr><tr><td>Osman Y\u0131lmaz<\/td><td>D\u00f6nd\u00fc&#8217;den do\u011fma \u00d6mer o\u011flu<\/td><td>Tarih Bulunamad\u0131<\/td><\/tr><tr><td>H\u00fcseyin Ceylan<\/td><td>Emlik&#8217;ten do\u011fma Duran o\u011flu<\/td><td>Tarih Bulunamad\u0131<\/td><\/tr><tr><td>\u00d6mer Arslan<\/td><td>Ani\u015f&#8217;ten do\u011fma Bekir o\u011flu<\/td><td>31.07.2000<\/td><\/tr><\/tbody><\/table><\/figure>\n\n\n\n<h3 class=\"wp-block-heading\"><br>2001<\/h3>\n\n\n\n<figure class=\"wp-block-table\"><table><tbody><tr><td><strong>Kim&nbsp;<\/strong>&nbsp;<\/td><td><strong>Bilgi&nbsp;<\/strong>&nbsp;<\/td><td><strong>Tarih&nbsp;<\/strong>&nbsp;<\/td><\/tr><tr><td>Hatice \u00d6zdemir&nbsp;<\/td><td>Fadime&#8217;den do\u011fma Kaz\u0131m k\u0131z\u0131&nbsp;<\/td><td>15.01.2001&nbsp;<\/td><\/tr><tr><td>\u015eaziye Ero\u011flu<\/td><td>Fati\u015f&#8217;ten do\u011fma Ali k\u0131z\u0131<\/td><td>05.04.2001<\/td><\/tr><tr><td>L\u00fctf\u00fc Do\u011fan<\/td><td>Nazife&#8217;den do\u011fma Yusuf o\u011flu<\/td><td>Tarih Bulunamad\u0131<\/td><\/tr><tr><td>Adnan Ero\u011flu<\/td><td>Selver&#8217;den do\u011fma Mustafa o\u011flu<\/td><td>Tarih Bulunamad\u0131<\/td><\/tr><tr><td>H\u00fcseyin Ero\u011flu<\/td><td>Emirzade&#8217;den do\u011fma Halil o\u011flu<\/td><td>Tarih Bulunamad\u0131<\/td><\/tr><tr><td>G\u00fclseren Do\u011fan<\/td><td>Adullah Do\u011fan&#8217;\u0131n E\u015fi<\/td><td>Tarih Bulunamad\u0131<\/td><\/tr><\/tbody><\/table><\/figure>\n\n\n\n<h3 class=\"wp-block-heading\"><br>2002<\/h3>\n\n\n\n<figure class=\"wp-block-table\"><table><tbody><tr><td><strong>Kim&nbsp;<\/strong>&nbsp;<\/td><td><strong>Bilgi&nbsp;<\/strong>&nbsp;<\/td><td><strong>Tarih&nbsp;<\/strong>&nbsp;<\/td><\/tr><tr><td>Yosma Ero\u011flu<\/td><td>Hen\u00fcz Bilgi Bulunamad\u0131<\/td><td>Tarih Bulunamad\u0131<\/td><\/tr><tr><td>Ali Ero\u011flu<\/td><td>Sultan&#8217;dan do\u011fma \u0130brahim o\u011flu<\/td><td>Tarih Bulunamad\u0131<\/td><\/tr><tr><td>Bekir Ero\u011flu<\/td><td>Zeynep&#8217;ten do\u011fma Ali Osman o\u011flu<\/td><td>Tarih Bulunamad\u0131<\/td><\/tr><tr><td>Emin Arslan&nbsp;<\/td><td>Havva&#8217;dan do\u011fma Mehmet o\u011flu<\/td><td>Tarih Bulunamad\u0131<\/td><\/tr><tr><td>Mehmed Ali \u015eahin<\/td><td>Sultan&#8217;dan do\u011fma \u0130smail o\u011flu<\/td><td>25.12.2002<\/td><\/tr><\/tbody><\/table><\/figure>\n\n\n\n<h3 class=\"wp-block-heading\"><br>2003<\/h3>\n\n\n\n<figure class=\"wp-block-table\"><table><tbody><tr><td><strong>Kim&nbsp;<\/strong>&nbsp;<\/td><td><strong>Bilgi&nbsp;<\/strong>&nbsp;<\/td><td><strong>Tarih&nbsp;<\/strong>&nbsp;<\/td><\/tr><tr><td>G\u00fcner Do\u011fan<\/td><td>Ekrem Do\u011fan&#8217;\u0131n E\u015fi&nbsp;<\/td><td>Tarih Bulunamad\u0131&nbsp;<\/td><\/tr><tr><td>Ahmet Ero\u011flu<\/td><td>Fidan&#8217;dan do\u011fma Bekir o\u011flu<\/td><td>02.01.2003<\/td><\/tr><tr><td>Mevl\u00fct \u00d6zdemir&nbsp;<\/td><td>Elif&#8217;den do\u011fma Mustafa o\u011flu<\/td><td>05.03.2003<\/td><\/tr><tr><td>Ayhan Solak&nbsp;<\/td><td>G\u00fclbeyaz&#8217;dan do\u011fma Mustafa o\u011flu<\/td><td>22.03.2003<\/td><\/tr><tr><td>Mustafa Ero\u011flu<\/td><td>Meryem&#8217;den do\u011fma \u0130brahim o\u011flu<\/td><td>08.04.2003<\/td><\/tr><tr><td>Murat Y\u0131lmaz<\/td><td>Sat\u0131&#8217;dan do\u011fma Haydar o\u011flu<\/td><td>11.04.2003<\/td><\/tr><tr><td>Abdurrahman Ero\u011flu<\/td><td>Zeynep&#8217;ten do\u011fma Ali Osman o\u011flu<\/td><td>31.05.2003<\/td><\/tr><tr><td>\u0130brahim \u00d6zdemir<\/td><td>Fatma&#8217;dan do\u011fma Seyit Ahmet o\u011flu<\/td><td>17.11.2003<\/td><\/tr><tr><td>Zeynep Solak<\/td><td>Fadime&#8217;den do\u011fma Kaz\u0131m k\u0131z\u0131<\/td><td>10.12.2003<\/td><\/tr><\/tbody><\/table><\/figure>\n\n\n\n<h3 class=\"wp-block-heading\"><br>2004<\/h3>\n\n\n\n<figure class=\"wp-block-table\"><table><tbody><tr><td><strong>Kim&nbsp;<\/strong>&nbsp;<\/td><td><strong>Bilgi&nbsp;<\/strong>&nbsp;<\/td><td><strong>Tarih&nbsp;<\/strong>&nbsp;<\/td><\/tr><tr><td>Tahsin Do\u011fan<\/td><td>Nazife&#8217;den do\u011fma Yusuf o\u011flu&nbsp;<\/td><td>11.02.2004&nbsp;<\/td><\/tr><tr><td>Dudu \u00c7etinkaya<\/td><td>Meryem&#8217;den do\u011fma Hakk\u0131 k\u0131z\u0131<\/td><td>19.10.2004<\/td><\/tr><tr><td>Meryem Do\u011fan<\/td><td>Fadime&#8217;den do\u011fma Seyit Ahmet k\u0131z\u0131<\/td><td>22.10.2004<\/td><\/tr><\/tbody><\/table><\/figure>\n\n\n\n<h3 class=\"wp-block-heading\"><br>2005<\/h3>\n\n\n\n<figure class=\"wp-block-table\"><table><tbody><tr><td><strong>Kim&nbsp;<\/strong>&nbsp;<\/td><td>Bilgi&nbsp;<\/td><td><strong>Tarih&nbsp;<\/strong>&nbsp;<\/td><\/tr><tr><td>Nasip D\u00f6nmez<\/td><td>D\u00f6nd\u00fc&#8217;den do\u011fma Kaz\u0131m k\u0131z\u0131&nbsp;<\/td><td>30.06.2005&nbsp;<\/td><\/tr><tr><td>Sultan Ero\u011flu<\/td><td>Sultan&#8217;dan do\u011fma Duran k\u0131z\u0131<\/td><td>11.07.2005<\/td><\/tr><tr><td>Abidin Arslan<\/td><td>Hayriye&#8217;den do\u011fma Sad\u0131k o\u011flu<\/td><td>26.11.2005<\/td><\/tr><tr><td>Yusuf Arslan<\/td><td>Dudu&#8217;dan do\u011fma Osman o\u011flu<\/td><td>21.12.2005<\/td><\/tr><\/tbody><\/table><\/figure>\n\n\n\n<h3 class=\"wp-block-heading\"><br>2006<\/h3>\n\n\n\n<figure class=\"wp-block-table\"><table><tbody><tr><td><strong>Kim&nbsp;<\/strong><\/td><td><strong>Bilgi&nbsp;<\/strong><\/td><td><strong>Tarih&nbsp;<\/strong><\/td><\/tr><tr><td>H\u00fcseyin Do\u011fan&nbsp;<\/td><td>D\u00f6nd\u00fc&#8217;den do\u011fma Bekir o\u011flu&nbsp;<\/td><td>17.06.2006&nbsp;<\/td><\/tr><tr><td>Bedir Arslan<\/td><td>Zeynep&#8217;ten do\u011fma Halim o\u011flu<\/td><td>30.11.2006<\/td><\/tr><tr><td>Hatice \u00c7etinkaya<\/td><td>Ay\u015fe&#8217;den do\u011fma Sad\u0131k k\u0131z\u0131<\/td><td>04.12.2006<\/td><\/tr><tr><td>Senem Ceylan<\/td><td>Hatice&#8217;den do\u011fma Nuri k\u0131z\u0131<\/td><td>26.12.2006<\/td><\/tr><\/tbody><\/table><\/figure>\n\n\n\n<h3 class=\"wp-block-heading\"><br>2007<\/h3>\n\n\n\n<figure class=\"wp-block-table\"><table><tbody><tr><td><strong>Kim&nbsp;<\/strong><\/td><td><strong>Bilgi&nbsp;<\/strong><\/td><td><strong>Tarih&nbsp;<\/strong><\/td><\/tr><tr><td>Fadime Ero\u011flu&nbsp;<\/td><td>Muammer Ero\u011flu&#8217;nun E\u015fi&nbsp;<\/td><td>02.02.2007&nbsp;<\/td><\/tr><tr><td>S\u00fcleyman Ero\u011flu<\/td><td>Nazife&#8217;den do\u011fma Salih o\u011flu<\/td><td>06.02.2007<\/td><\/tr><tr><td>Hatice Do\u011fan<\/td><td>Onba\u015f\u0131&#8217;n\u0131n Yusuf&#8217;un E\u015fi<\/td><td>21.02.2007<\/td><\/tr><tr><td>Mehmet Arslan<\/td><td>Dudu&#8217;dan do\u011fma Osman o\u011flu<\/td><td>03.07.2007<\/td><\/tr><tr><td>\u0130brahim Solak<\/td><td>Emine&#8217;den do\u011fma Osman o\u011flu<\/td><td>02.10.2007<\/td><\/tr><\/tbody><\/table><\/figure>\n\n\n\n<h3 class=\"wp-block-heading\"><br>2008 <\/h3>\n\n\n\n<figure class=\"wp-block-table\"><table><tbody><tr><td><strong>Kim&nbsp;<\/strong><\/td><td><strong>Bilgi&nbsp;<\/strong><\/td><td><strong>Tarih&nbsp;<\/strong><\/td><\/tr><tr><td>Arap Arslan<\/td><td>Nezet&#8217;ten do\u011fma Osman o\u011flu<\/td><td>11.07.2008<\/td><\/tr><tr><td>Mustafa D\u00f6nmez<\/td><td>Sultan&#8217;dan do\u011fma Duran o\u011flu<\/td><td>06.09.2008<\/td><\/tr><tr><td>Adile Arslan<\/td><td>Abdi\u015feyh Arslan&#8217;\u0131n e\u015fi<\/td><td>27.12.2008<\/td><\/tr><tr><td>Sultan Arslan<\/td><td>Leyla&#8217;dan do\u011fma Osman k\u0131z\u0131<\/td><td>30.12.2008<\/td><\/tr><tr><td>Abdulkadir Do\u011fan<\/td><td>G\u00fcls\u00fcm&#8217;den do\u011fma, \u00d6mer o\u011flu<\/td><td>30.12.2008<\/td><\/tr><\/tbody><\/table><\/figure>\n\n\n\n<h3 class=\"wp-block-heading\"><br>2009 <\/h3>\n\n\n\n<figure class=\"wp-block-table\"><table><tbody><tr><td><strong>Kim&nbsp;<\/strong><\/td><td><strong>Bilgi&nbsp;<\/strong><\/td><td><strong>Tarih&nbsp;<\/strong><\/td><\/tr><tr><td>Emine \u00d6zdemir<\/td><td>Meryem&#8217;den do\u011fma, Mustafa k\u0131z\u0131<\/td><td>03.03.2009<\/td><\/tr><tr><td>Zeliha(Zala) Ero\u011flu<\/td><td>Hatice&#8217;den do\u011fma, Abidin Fak\u0131 k\u0131z\u0131<\/td><td>02.09.2009<\/td><\/tr><tr><td>Kemal Ero\u011flu<\/td><td>K\u0131ymat&#8217;tan&nbsp; do\u011fma, Ahmet o\u011flu<\/td><td>Tarih Bulunamad\u0131<\/td><\/tr><\/tbody><\/table><\/figure>\n\n\n\n<h3 class=\"wp-block-heading\"><br>2010 <\/h3>\n\n\n\n<figure class=\"wp-block-table\"><table><tbody><tr><td><strong>Kim&nbsp;<\/strong><\/td><td><strong>Bilgi&nbsp;<\/strong><\/td><td><strong>Tarih&nbsp;<\/strong><\/td><\/tr><tr><td>Cengiz Solak<\/td><td>Ladig\u00e2r&#8217;dan do\u011fma, Halim o\u011flu<\/td><td>09.01.2010<\/td><\/tr><tr><td>\u015eefika Kaplan<\/td><td>Mustafa Kaplan&#8217;\u0131n e\u015fi&nbsp;<\/td><td>01.08.2010<\/td><\/tr><tr><td>Adem&nbsp; \u00d6zdemir<\/td><td>Elif&#8217;ten do\u011fma, Mustafa o\u011flu&nbsp;<\/td><td>06.08.2010&nbsp;<\/td><\/tr><tr><td>G\u00fcrc\u00fc \u015eahin<\/td><td>Hatice&#8217;den do\u011fma , Ali Osman k\u0131z\u0131<\/td><td>30.08.2010<\/td><\/tr><\/tbody><\/table><\/figure>\n\n\n\n<h3 class=\"wp-block-heading\"><br>2011<\/h3>\n\n\n\n<figure class=\"wp-block-table\"><table><tbody><tr><td><strong>Kim&nbsp;<\/strong><\/td><td><strong>Bilgi&nbsp;<\/strong><\/td><td><strong>Tarih&nbsp;<\/strong><\/td><\/tr><tr><td>Nuray Arslan<\/td><td>Zeliha&#8217;dan do\u011fma,&nbsp;Osman k\u0131z\u0131<\/td><td>01.02.2011<\/td><\/tr><tr><td>Efendi \u015eahin<\/td><td>Sultan&#8217;dan do\u011fma,&nbsp;\u0130smail o\u011flu<\/td><td>22.07.2011<\/td><\/tr><tr><td>Dursun \u00c7etinkaya<\/td><td>Zeynep&#8217;ten do\u011fma, \u00d6mer o\u011flu <\/td><td>20.10.2011<\/td><\/tr><tr><td>Semiha Arslan<\/td><td>Ya\u015far Arslan&#8217;\u0131n E\u015fi <\/td><td>23.11.2011<\/td><\/tr><\/tbody><\/table><\/figure>\n\n\n\n<h3 class=\"wp-block-heading\"><br>2012 <\/h3>\n\n\n\n<figure class=\"wp-block-table\"><table><tbody><tr><td><strong>Kim&nbsp;<\/strong><\/td><td><strong>Bilgi&nbsp;<\/strong><\/td><td><strong>Tarih&nbsp;<\/strong><\/td><\/tr><tr><td>Han\u0131m Do\u011fan<\/td><td>Ali Osman Do\u011fan&#8217;\u0131n E\u015fi<\/td><td>06.02.2012<\/td><\/tr><tr><td>Abdullah Ero\u011flu<\/td><td>Kezzik&#8217;ten do\u011fma, Seyit Ali o\u011flu<\/td><td>31.08.2012<\/td><\/tr><tr><td>Ahmet Arslan<\/td><td>Zeynep&#8217;ten do\u011fma, Halim o\u011flu<\/td><td>20.09.2012<\/td><\/tr><\/tbody><\/table><\/figure>\n\n\n\n<h3 class=\"wp-block-heading\"><br>2013<\/h3>\n\n\n\n<figure class=\"wp-block-table\"><table><tbody><tr><td><strong>Kim&nbsp;<\/strong><\/td><td><strong>Bilgi&nbsp;<\/strong><\/td><td><strong>Tarih&nbsp;<\/strong><\/td><\/tr><tr><td>Nazife \u00d6zdemir<\/td><td>Leyla&#8217;dan do\u011fma, Hasan K\u0131z\u0131<\/td><td>19.02.2013<\/td><\/tr><tr><td>Dursun Ero\u011flu<\/td><td>Ay\u015fe&#8217;den do\u011fma, Kaz\u0131m o\u011flu<\/td><td>31.08.2013<\/td><\/tr><tr><td>Hul\u00fbsi Ero\u011flu<\/td><td>Yosma&#8217;dan do\u011fma, \u00d6mer o\u011flu<\/td><td>20.10.2013<\/td><\/tr><tr><td>Ya\u015far Arslan<\/td><td>Zeynep&#8217;ten do\u011fma, Halim o\u011flu<\/td><td>30.10.2013<\/td><\/tr><tr><td>Abdurrahman Ceylan<\/td><td>Senem&#8217;den do\u011fma, Ali o\u011flu<\/td><td>24.12.2013<\/td><\/tr><\/tbody><\/table><\/figure>\n\n\n\n<h3 class=\"wp-block-heading\"><br>2014<\/h3>\n\n\n\n<figure class=\"wp-block-table\"><table><tbody><tr><td><strong>Kim&nbsp;<\/strong>&nbsp;<\/td><td><strong>Bilgi&nbsp;<\/strong>&nbsp;<\/td><td><strong>Tarih&nbsp;<\/strong>&nbsp;<\/td><\/tr><tr><td>Nezahat Kaplan <\/td><td>Said (Seyit) Kaplan&#8217;\u0131n E\u015fi<\/td><td>09.02.2014<\/td><\/tr><tr><td>Fadime Arslan<\/td><td>Dudu&#8217;dan do\u011fma, Osman k\u0131z\u0131<\/td><td>05.03.2014<\/td><\/tr><tr><td>Fidan &nbsp;Ero\u011flu &nbsp; &nbsp; &nbsp; &nbsp; &nbsp; &nbsp;&nbsp;<\/td><td>Yusuf &nbsp;Ero\u011flu&#8217;nun e\u015fi&nbsp;<\/td><td>14.03.2014&nbsp;<\/td><\/tr><tr><td>Ay\u015fenur Ero\u011flu<\/td><td>\u0130smig\u00fcl&#8217;den do\u011fma, Erdem k\u0131z\u0131<\/td><td>24.06.2014<\/td><\/tr><tr><td>Said Kaplan<\/td><td>Ay\u015fe&#8217;den do\u011fma, Ahmet o\u011flu<\/td><td>04.07.2014<\/td><\/tr><tr><td>Kaz\u0131m Ero\u011flu<\/td><td>Sultan&#8217;dan do\u011fma, Abdurrahman o\u011flu<\/td><td>07.07.2014<\/td><\/tr><tr><td>Dursun Ceylan<\/td><td>Senem&#8217;den do\u011fma, Ali o\u011flu<\/td><td>03.08.2014<\/td><\/tr><tr><td>Sat\u0131 Y\u0131lmaz<\/td><td>Haydar Y\u0131lmaz&#8217;\u0131n e\u015fi<\/td><td>19.10.2014<\/td><\/tr><\/tbody><\/table><\/figure>\n\n\n\n<h3 class=\"wp-block-heading\"><br>2015 <\/h3>\n\n\n\n<figure class=\"wp-block-table\"><table><tbody><tr><td><strong>Kim&nbsp;<\/strong>&nbsp;<\/td><td><strong>Bilgi&nbsp;<\/strong>&nbsp;<\/td><td><strong>Tarih&nbsp;<\/strong>&nbsp;<\/td><\/tr><tr><td>G\u00fclpe\u015f Arslan<\/td><td>Leyla&#8217;dan do\u011fma, Osman K\u0131z\u0131<\/td><td>01.02.2015<\/td><\/tr><tr><td>Fadime Kaplan(Ulucan)<\/td><td>Leyla&#8217;dan&nbsp; do\u011fma, Osman k\u0131z\u0131<\/td><td>16.07.2015<\/td><\/tr><tr><td>Havva&nbsp; Arslan(Ero\u011flu)<\/td><td>G\u00fclbeyazdan do\u011fma, \u00d6mer k\u0131z\u0131<\/td><td>18.07.2015<\/td><\/tr><tr><td>Sultan Ero\u011flu<\/td><td>Seyit ya\u015far Ero\u011flu&#8217;nun e\u015fi<\/td><td>11.08.2015<\/td><\/tr><tr><td>Tayyiba Solak<\/td><td>H\u00fcseyin Solak&#8217;\u0131n e\u015fi<\/td><td>04.09.2015<\/td><\/tr><tr><td>Halim Arslan<\/td><td>Fadime&#8217;den do\u011fma, Seyit Mehmet o\u011flu<\/td><td>29.11.2015<\/td><\/tr><tr><td>H\u00fcseyin \u00d6zdemir<\/td><td>Elif&#8217;den do\u011fma, Mustafa&nbsp; o\u011flu<\/td><td>03.12.2015<\/td><\/tr><\/tbody><\/table><\/figure>\n\n\n\n<h3 class=\"wp-block-heading\"><br>2016 <\/h3>\n\n\n\n<figure class=\"wp-block-table\"><table><tbody><tr><td><strong>Kim&nbsp;<\/strong>&nbsp;<\/td><td><strong>Bilgi&nbsp;<\/strong>&nbsp;<\/td><td><strong>Tarih&nbsp;<\/strong>&nbsp;<\/td><\/tr><tr><td>G\u00fclbahar Kaplan(Ero\u011flu)<\/td><td>Leyla&#8217;dan do\u011fma, Osman k\u0131z\u0131<\/td><td>11.01.2016<\/td><\/tr><tr><td>Faruk Kaplan<\/td><td>Fatma&#8217;dan dogma, Halil o\u011flu<\/td><td>16.10.2016<\/td><\/tr><\/tbody><\/table><\/figure>\n\n\n\n<h3 class=\"wp-block-heading\"><br>2017 <\/h3>\n\n\n\n<figure class=\"wp-block-table\"><table><tbody><tr><td><strong>Kim&nbsp;<\/strong>&nbsp;<\/td><td><strong>Bilgi&nbsp;<\/strong>&nbsp;<\/td><td><strong>Tarih&nbsp;<\/strong>&nbsp;<\/td><\/tr><tr><td>Mustafa Ero\u011flu<\/td><td>Esme&#8217;den do\u011fma, Burhan o\u011flu<\/td><td>11.04.2017<\/td><\/tr><tr><td>Ay\u015fe Arslan<\/td><td>Leyla&#8217;dan do\u011fma,&nbsp;Osman k\u0131z\u0131<\/td><td>06.07.2017<\/td><\/tr><tr><td>Duran Ero\u011flu<\/td><td>Zeliha&#8217;dan do\u011fma, Osman o\u011flu<\/td><td>01.09.2017<\/td><\/tr><\/tbody><\/table><\/figure>\n\n\n\n<h3 class=\"wp-block-heading\"><br>2018 <\/h3>\n\n\n\n<figure class=\"wp-block-table\"><table><tbody><tr><td><strong>Kim&nbsp;<\/strong>&nbsp;<\/td><td><strong>Bilgi&nbsp;<\/strong>&nbsp;<\/td><td><strong>Tarih&nbsp;<\/strong>&nbsp;<\/td><\/tr><tr><td>&nbsp;Kudret Ero\u011flu<\/td><td>&nbsp;Meral&#8217;den do\u011fma, Mevl\u00fct o\u011flu<\/td><td>&nbsp;25.04.2018<\/td><\/tr><tr><td>&nbsp;Osman Arslan<\/td><td>&nbsp;Dudu&#8217;dan do\u011fma, Osman o\u011flu<\/td><td>&nbsp;17.09.2018<\/td><\/tr><tr><td>&nbsp;Fazilet Arslan<\/td><td>&nbsp;Zeliha&#8217;dan do\u011fma, Osman k\u0131z\u0131&nbsp;<\/td><td>&nbsp;11.10.2018&nbsp;<\/td><\/tr><\/tbody><\/table><\/figure>\n\n\n\n<h3 class=\"wp-block-heading\"><br>2019 <\/h3>\n\n\n\n<figure class=\"wp-block-table\"><table><tbody><tr><td><strong>Kim&nbsp;<\/strong><\/td><td><strong>Bilgi&nbsp;<\/strong>&nbsp;<\/td><td><strong>Tarih&nbsp;<\/strong>&nbsp;<\/td><\/tr><tr><td>&nbsp;Hanim Arslan<\/td><td>Bekir Arslan&#8217;\u0131n E\u015fi<\/td><td>12.01.2019<\/td><\/tr><tr><td>&nbsp;Ahmet \u015eahin<\/td><td>Sultan&#8217;dan do\u011fma, \u0130smail o\u011flu<\/td><td>25.01.2019<\/td><\/tr><tr><td>&nbsp;Mediha Ero\u011flu<\/td><td>Yakup Ero\u011flu&#8217;nun E\u015fi<\/td><td>02.02.2019<\/td><\/tr><tr><td>Orhan \u00d6zdemir<\/td><td>Emine&#8217;den do\u011fma, \u00d6mer o\u011flu<\/td><td>10.11.2019<\/td><\/tr><\/tbody><\/table><\/figure>\n\n\n\n<h3 class=\"wp-block-heading\"><br>2020<\/h3>\n\n\n\n<figure class=\"wp-block-table\"><table><tbody><tr><td><strong>Kim&nbsp;<\/strong><\/td><td><strong>Bilgi&nbsp;<\/strong>&nbsp;<\/td><td><strong>Tarih&nbsp;<\/strong>&nbsp;<\/td><\/tr><tr><td>Meryem Ero\u011flu<\/td><td>Dursun Ero\u011flu&#8217;nun E\u015fi<\/td><td>20.04.2020<\/td><\/tr><tr><td>Abdulkadir Ero\u011flu<\/td><td>D\u00f6nd\u00fc&#8217;den do\u011fma, Abdullah o\u011flu<\/td><td>14.08.2020<\/td><\/tr><tr><td>Sultan Ero\u011flu<\/td><td>\u0130brahim Ero\u011flu&#8217;nun e\u015fi<\/td><td>14.08.2020<\/td><\/tr><tr><td>Haydar Ero\u011flu<\/td><td>Ay\u015fe&#8217;den do\u011fma, Salih o\u011flu<\/td><td>20.08.2020<\/td><\/tr><tr><td>M\u00fcnevver Ero\u011flu<\/td><td>Havva&#8217;dan do\u011fma, Abdurrahman k\u0131z\u0131<\/td><td>09.10.2020<\/td><\/tr><tr><td>Kamer Do\u011fan<\/td><td>Meryem&#8217;den do\u011fma, Mustafa k\u0131z\u0131<\/td><td>24.11.2020<\/td><\/tr><tr><td>D\u00f6nd\u00fc Ero\u011flu<\/td><td>Abdullah Ero\u011flu&#8217;nun e\u015fi<\/td><td>10.12.2020<\/td><\/tr><tr><td>D\u00f6n\u00fc\u015f Ceylan<\/td><td>H\u00fcseyin Ceylan&#8217;\u0131n e\u015fi<\/td><td>20.12.2020<\/td><\/tr><\/tbody><\/table><\/figure>\n\n\n\n<h3 class=\"wp-block-heading\"><br>2021<\/h3>\n\n\n\n<figure class=\"wp-block-table\"><table><tbody><tr><td><strong>Kim&nbsp;<\/strong><\/td><td><strong>Bilgi&nbsp;<\/strong>&nbsp;<\/td><td><strong>Tarih&nbsp;<\/strong>&nbsp;<\/td><\/tr><tr><td>Hatice Ero\u011flu<\/td><td>\u00d6mer Ero\u011flu&#8217;nun E\u015fi<\/td><td>11.02.2021<\/td><\/tr><tr><td>Sevil Ero\u011flu<\/td><td>Haydar Ero\u011flu&#8217;nun E\u015fi<\/td><td>27.05.2021<\/td><\/tr><tr><td>Mustafa Do\u011fan<\/td><td>Han\u0131m&#8217;dan do\u011fma, Ali Osman o\u011flu<\/td><td>22.08.2021<\/td><\/tr><tr><td>Dursun Y\u0131lmaz <\/td><td>Hatice&#8217;den do\u011fma, S\u00fcleyman o\u011flu <\/td><td>27.08.2021 <\/td><\/tr><tr><td>Ali Ero\u011flu<\/td><td>Zeynep&#8217;ten do\u011fma, Ali Osman o\u011flu<\/td><td>19.09.2021<\/td><\/tr><tr><td>Halil Ero\u011flu<\/td><td>L\u00fctfiye&#8217;den do\u011fma, Ahmet o\u011flu<\/td><td>04.10.2021<\/td><\/tr><\/tbody><\/table><\/figure>\n\n\n\n<h3 class=\"wp-block-heading\"><br>2022<\/h3>\n\n\n\n<figure class=\"wp-block-table\"><table><tbody><tr><td><strong>Kim&nbsp;<\/strong><\/td><td><strong>Bilgi&nbsp;<\/strong>&nbsp;<\/td><td><strong>Tarih&nbsp;<\/strong>&nbsp;<\/td><\/tr><tr><td>Sedat Ero\u011flu<\/td><td>Meryem&#8217;den do\u011fma, Dursun o\u011flu<\/td><td>15.02.2022<\/td><\/tr><tr><td>Hasan Ero\u011flu<\/td><td>Dursun&#8217;dan do\u011fma, Hasan o\u011flu<\/td><td>27.03.2022<\/td><\/tr><tr><td>Haydar Y\u0131lmaz<\/td><td>D\u00f6nd\u00fc&#8217;den do\u011fma, Kaz\u0131m o\u011flu<\/td><td>08.04.2022<\/td><\/tr><tr><td>Dilek Ceylan<\/td><td>M\u00fcnevver&#8217;den do\u011fma, Sad\u0131k k\u0131z\u0131<\/td><td>01.05.2022<\/td><\/tr><tr><td>Nurettin Ero\u011flu<\/td><td>Arzu&#8217;dan do\u011fma, Mehmet o\u011flu<\/td><td>15.07.2022<\/td><\/tr><tr><td>Hatice Arslan<\/td><td>Arap Arslan&#8217;\u0131n E\u015fi<\/td><td>12.11.2022<\/td><\/tr><tr><td>Bilal Arslan<\/td><td>Fadime&#8217;den do\u011fma, \u00d6mer o\u011flu<\/td><td>11.12.2022<\/td><\/tr><\/tbody><\/table><\/figure>\n\n\n\n<h3 class=\"wp-block-heading\">2023<\/h3>\n\n\n\n<figure class=\"wp-block-table\"><table><tbody><tr><td><strong>Kim&nbsp;<\/strong><\/td><td><strong>Bilgi&nbsp;<\/strong>&nbsp;<\/td><td><strong>Tarih&nbsp;<\/strong>&nbsp;<\/td><\/tr><tr><td>Ay\u015fe Ero\u011flu<\/td><td>Yosma&#8217;dan do\u011fma, Ali k\u0131z\u0131<\/td><td>20.05.2023<\/td><\/tr><tr><td>Mehtap Y\u0131lmaz<\/td><td>Sat\u0131&#8217;dan do\u011fma, Haydar k\u0131z\u0131<\/td><td>27.06.2023<\/td><\/tr><tr><td>Fatma Ero\u011flu<\/td><td>Mustafa Ero\u011flu&#8217;nun e\u015fi<\/td><td>03.09.2023<\/td><\/tr><tr><td>G\u00fclbeyaz Solak<\/td><td>Kezzik&#8217;ten do\u011fma, Seyit k\u0131z\u0131<\/td><td>13.09.2023<\/td><\/tr><\/tbody><\/table><\/figure>\n\n\n\n<h3 class=\"wp-block-heading\">2024<\/h3>\n\n\n\n<figure class=\"wp-block-table\"><table><tbody><tr><td><strong>Kim&nbsp;<\/strong><\/td><td><strong>Bilgi&nbsp;<\/strong>&nbsp;<\/td><td><strong>Tarih&nbsp;<\/strong>&nbsp;<\/td><\/tr><tr><td>Dursun Kaplan<\/td><td>M\u00fcsl\u00fcm Kaplan&#8217;\u0131n e\u015fi<\/td><td>10.03.2024<\/td><\/tr><tr><td>M\u00fclkiye Arslan<\/td><td>\u0130hsan Arslan&#8217;\u0131n e\u015fi<\/td><td>25.03.2024<\/td><\/tr><tr><td>S\u00fcleyman \u015eahin<\/td><td>Sultan&#8217;dan do\u011fma, \u0130smail o\u011flu<\/td><td>15.05.2024<\/td><\/tr><tr><td>G\u00fclbahar \u00d6zdemir<\/td><td>Ay\u015fe&#8217;den do\u011fma, Kaz\u0131m k\u0131z\u0131<\/td><td>26.05.2024<\/td><\/tr><tr><td>Sultan Arslan<\/td><td>G\u00fclbeyaz&#8217;dan do\u011fma, \u00d6mer k\u0131z\u0131<\/td><td>03.06.2024<\/td><\/tr><tr><td>Fadime Ero\u011flu<\/td><td>Halil Ero\u011flu&#8217;nun E\u015fi<\/td><td>09.07.2024<\/td><\/tr><tr><td>Cihan Y\u0131lmaz<\/td><td>Hatice&#8217;den do\u011fma, S\u00fcleyman o\u011flu<\/td><td>03.08.2024<\/td><\/tr><tr><td>Hatun Do\u011fan<\/td><td>Nazife&#8217;den do\u011fma, Yusuf k\u0131z\u0131<\/td><td>18.08.2024<\/td><\/tr><tr><td>O\u011fuzhan Ero\u011flu<\/td><td>Leyla&#8217;dan do\u011fma, Metin o\u011flu<\/td><td>31.08.2024<\/td><\/tr><tr><td>Nimet Ero\u011flu<\/td><td>Tahir Ero\u011flu&#8217;nun e\u015fi<\/td><td>24.12.2024<\/td><\/tr><tr><td>Dursun Arslan<\/td><td>Emine&#8217;den do\u011fma, Mehmet o\u011flu<\/td><td>28.12.2024<\/td><\/tr><\/tbody><\/table><\/figure>\n\n\n\n<h3 class=\"wp-block-heading\">2025<\/h3>\n\n\n\n<figure class=\"wp-block-table\"><table><tbody><tr><td><strong>Kim&nbsp;<\/strong><\/td><td><strong>Bilgi&nbsp;<\/strong>&nbsp;<\/td><td><strong>Tarih&nbsp;<\/strong>&nbsp;<\/td><\/tr><tr><td>Yi\u011fit Ero\u011flu<\/td><td>G\u00fclbeyaz&#8217;dan do\u011fma, Berat o\u011flu<\/td><td>23.03.2025<\/td><\/tr><tr><td>G\u00fcl\u00fcmser Arslan<\/td><td>Bilal Arslan&#8217;\u0131n e\u015fi<\/td><td>30.07.2025<\/td><\/tr><tr><td>Cemil Y\u0131lmaz<\/td><td>Sat\u0131&#8217;dan do\u011fma, Haydar o\u011flu<\/td><td>25.09.2025<\/td><\/tr><tr><td>D\u00f6nd\u00fc Ero\u011flu Gen\u00e7t\u00fcrk<\/td><td>\u015eaziye&#8217;den do\u011fma, Mustafa k\u0131z\u0131<\/td><td>27.09.2025<\/td><\/tr><tr><td>Elvan Do\u011fan<\/td><td>Meryem&#8217;den do\u011fma, Mustafa o\u011flu<\/td><td>21.10.2025<\/td><\/tr><tr><td>Lisan Arslan<\/td><td>G\u00fclcemal&#8217;den do\u011fma, Seyit Mehmet o\u011flu <\/td><td>15.11.2025<\/td><\/tr><\/tbody><\/table><\/figure>\n\n\n\n<h3 class=\"wp-block-heading\">2026<\/h3>\n\n\n\n<figure class=\"wp-block-table\"><table><tbody><tr><td><strong>Kim&nbsp;<\/strong><\/td><td><strong>Bilgi&nbsp;<\/strong>&nbsp;<\/td><td><strong>Tarih&nbsp;<\/strong>&nbsp;<\/td><\/tr><tr><td>Cengiz Arslan<\/td><td>Semiha&#8217;dan do\u011fma, Ya\u015far o\u011flu<\/td><td>24.02.2026<\/td><\/tr><tr><td><\/td><td><\/td><td><\/td><\/tr><tr><td><\/td><td><\/td><td><\/td><\/tr><\/tbody><\/table><\/figure>\n\n\n\n<p><\/p>\n\n\n\n<p><\/p>\n","protected":false},"excerpt":{"rendered":"<p>1999 Y\u0131l\u0131ndan \u0130tibaren K\u00f6y\u00fcm\u00fczden Vefat Edenlerin Listesi Allah rahmet eylesin. 1999 Kim&nbsp; Bilgi&nbsp; Tarih&nbsp; \u0130brahim Ero\u011flu [&hellip;]<\/p>\n","protected":false},"author":3,"featured_media":121,"comment_status":"open","ping_status":"open","sticky":true,"template":"","format":"standard","meta":{"footnotes":""},"categories":[9],"tags":[],"class_list":["post-117","post","type-post","status-publish","format-standard","has-post-thumbnail","hentry","category-selamli-guncel"],"_links":{"self":[{"href":"https:\/\/www.selamli.com\/site\/wp-json\/wp\/v2\/posts\/117","targetHints":{"allow":["GET"]}}],"collection":[{"href":"https:\/\/www.selamli.com\/site\/wp-json\/wp\/v2\/posts"}],"about":[{"href":"https:\/\/www.selamli.com\/site\/wp-json\/wp\/v2\/types\/post"}],"author":[{"embeddable":true,"href":"https:\/\/www.selamli.com\/site\/wp-json\/wp\/v2\/users\/3"}],"replies":[{"embeddable":true,"href":"https:\/\/www.selamli.com\/site\/wp-json\/wp\/v2\/comments?post=117"}],"version-history":[{"count":38,"href":"https:\/\/www.selamli.com\/site\/wp-json\/wp\/v2\/posts\/117\/revisions"}],"predecessor-version":[{"id":321,"href":"https:\/\/www.selamli.com\/site\/wp-json\/wp\/v2\/posts\/117\/revisions\/321"}],"wp:featuredmedia":[{"embeddable":true,"href":"https:\/\/www.selamli.com\/site\/wp-json\/wp\/v2\/media\/121"}],"wp:attachment":[{"href":"https:\/\/www.selamli.com\/site\/wp-json\/wp\/v2\/media?parent=117"}],"wp:term":[{"taxonomy":"category","embeddable":true,"href":"https:\/\/www.selamli.com\/site\/wp-json\/wp\/v2\/categories?post=117"},{"taxonomy":"post_tag","embeddable":true,"href":"https:\/\/www.selamli.com\/site\/wp-json\/wp\/v2\/tags?post=117"}],"curies":[{"name":"wp","href":"https:\/\/api.w.org\/{rel}","templated":true}]}}