{"id":174,"date":"2020-01-10T16:57:38","date_gmt":"2020-01-10T16:57:38","guid":{"rendered":"https:\/\/www.selamli.com\/site\/?p=174"},"modified":"2020-01-10T16:58:30","modified_gmt":"2020-01-10T16:58:30","slug":"174","status":"publish","type":"post","link":"https:\/\/www.selamli.com\/site\/2020\/01\/10\/174\/","title":{"rendered":"Hani M\u00fccadele?"},"content":{"rendered":"\n<p><strong>\u00a0\u00a0\u00a0\u00a0\u00a0\u00a0\u00a0\u00a0\u00a0\u00a0\u00a0\u00a0\u00a0\u00a0\u00a0\u00a0\u00a0\u00a0\u00a0\u00a0\u00a0\u00a0\u00a0\u00a0\u00a0\u00a0\u00a0\u00a0\u00a0 <\/strong><\/p>\n\n\n\n<p><strong>Devletimizin ve milletimizin 1984\nden beri gelip ba\u015f belas\u0131 halinde kangrenle\u015fmi\u015f ve \u00e7\u00f6reklenmi\u015f olan PKK ter\u00f6r\n\u00f6rg\u00fct\u00fc- d\u00fcr. Bunun \u00f6ncesinde ve sonras\u0131nda ortaya \u00e7\u0131kan \u00e7e\u015fitli isimler alt\u0131nda\nolanlar\u0131 da vard\u0131r. Ama bunlar\u0131n i\u00e7erisinde en \u015fiddetlisi, ac\u0131mas\u0131z\u0131, en\ny\u0131k\u0131c\u0131s\u0131 ve amac\u0131ndan hi\u00e7 vaz ge\u00e7me- yeni \u015f\u00fcphesiz ki bu ter\u00f6r \u00f6rg\u00fct\u00fcd\u00fcr. Daha\nsonralar\u0131 Fet\u00f6 ter\u00f6r \u00f6rg\u00fct\u00fcn\u00fcn de sahneye \u00e7\u0131kmas\u0131yla belalar\u0131m\u0131z\u0131n \u00e7o\u011falmas\u0131 da\ndevam etmi\u015ftir. <\/strong><\/p>\n\n\n\n<p><strong>&nbsp;&nbsp;&nbsp;&nbsp;&nbsp;&nbsp;&nbsp;&nbsp;&nbsp;&nbsp;&nbsp; PKK\nter\u00f6r \u00f6rg\u00fct\u00fcyle devletimiz k\u0131rk y\u0131l\u0131 a\u015fk\u0131n m\u00fccade-lesini aral\u0131ks\u0131z\ns\u00fcrd\u00fcrmektedir. Bu u\u011furda gencecik ya\u015flarda topra\u011fa d\u00fc\u015fen gen\u00e7lerimiz, \u00f6l\u00fcnceye\nkadar g\u00f6z\u00fc ya\u015fl\u0131 gide- cek analar\u0131m\u0131z, boynu b\u00fck\u00fck yetimlerimiz, eli k\u0131nal\u0131\ngelin ve k\u0131zlar\u0131m\u0131z, bu zamana kadar toplamda m\u00fccadele i\u00e7in har- canan 400\nmilyar finans\u0131m\u0131z, nice zayi olan ara\u00e7 gere\u00e7lerimiz hep bu ter\u00f6r \u00f6rg\u00fct\u00fcn\u00fcn\nbitirilmesi i\u00e7in harcanm\u0131\u015ft\u0131r.<\/strong><\/p>\n\n\n\n<p><strong>&nbsp;&nbsp;&nbsp;&nbsp;&nbsp;&nbsp;&nbsp;&nbsp;&nbsp;&nbsp;&nbsp; Bu\n\u00f6rg\u00fct\u00fcn kom\u015fu \u00fclkeler \u0130ran\u2019da pejak, Irak\u2019ta pe\u015f- merge ve Suriye\u2019de PYD olarak\nortaya \u00e7\u0131kmas\u0131 ve hepsinin de T\u00fcrkiye\u2019ye kar\u015f\u0131 d\u00fc\u015fmanca tav\u0131rlar sergilemesi\n\u00e7ocuklar\u0131n dahi bildi\u011fi bir ger\u00e7ektir. <\/strong><\/p>\n\n\n\n<p><strong>&nbsp;&nbsp;&nbsp;&nbsp;&nbsp;&nbsp;&nbsp;&nbsp;&nbsp;&nbsp;&nbsp; Ordumuz\nbunlarla m\u00fccadelesini hem i\u00e7erde hem d\u0131\u015far\u0131da halen s\u00fcrd\u00fcrmektedir. Can\u0131m\u0131z\u0131n\n\u00e7ok yand\u0131\u011f\u0131 zaman- larda uluslar aras\u0131 y\u00fck\u00fcml\u00fcl\u00fcklere dayanarak bu ter\u00f6r \u00f6rg\u00fc-\nt\u00fcn\u00fcn d\u0131\u015f kollar\u0131yla da kom\u015fu \u00fclkelerin topraklar\u0131nda da ayn\u0131 kararl\u0131l\u0131\u011f\u0131\ns\u00fcrd\u00fcr\u00fcyor ve s\u00fcrd\u00fcrecektir de\u2026 <\/strong><\/p>\n\n\n\n<p><strong>&nbsp;&nbsp;&nbsp;&nbsp;&nbsp;&nbsp;&nbsp;&nbsp;&nbsp;&nbsp;&nbsp; Son\ng\u00fcnlerde \u201cBar\u0131\u015f p\u0131nar\u0131 harek\u00e2t\u0131\u201d da bunlardan biri- siydi. Ordu haz\u0131rlanm\u0131\u015f,\nharek\u00e2t i\u00e7in her t\u00fcrl\u00fc tedbirler al\u0131nm\u0131\u015f ve planlanan yerlere ve noktalara\ntemay\u00fcller ve emirler gere\u011fi harek\u00e2t ba\u015flat\u0131lm\u0131\u015ft\u0131. Suriye\u2019de konu\u015flanan ve\nbirlikte hareket eden PKK, PYD ve DEA\u015e ter\u00f6r \u00f6rg\u00fct\u00fcn\u00fc orta- dan kald\u0131rmak i\u00e7in\nT\u00fcrkiye d\u00fc\u011fmeye basm\u0131\u015ft\u0131. 130 km uzunluk 35 km derinlikte bu \u00f6rg\u00fct\u00fcn varl\u0131\u011f\u0131\nsona erdirilecek ve g\u00fcvenli b\u00f6lge olu\u015fturuluncaya, ve sonuca ula\u015f\u0131l\u0131ncaya kadar\nm\u00fccadele s\u00fcrd\u00fcr\u00fclecekti. ABD araya girerek 120 saat istedi \u00f6rg\u00fct\u00fcn ta\u015f\u0131nmas\u0131\ni\u00e7in. Bu s\u00fcre bitince bu sefer de Rusya 151 saat istedi ta\u015f\u0131nmalar\u0131 i\u00e7in.\nT\u00fcrkiye bu s\u00fcrelere evet deyip beklerken, s\u00fcrenin bitim sonucu harek\u00e2ta devam\nedeceklerini s\u00f6ylemesine ra\u011fmen s\u00f6zler yerine getirilmedi. T\u00fcrkiye, bi ABD ye\nbi Rusya\u2019ya giderek \u00e7\u00f6z\u00fcm i\u00e7in onlar\u0131n kararlar\u0131n\u0131 bekledi. <\/strong><\/p>\n\n\n\n<p><strong>T\u00fcrkiye beri taraftan DA\u0130\u015e li\nter\u00f6r \u00f6rg\u00fct \u00fcyelerinin kimisi teslim oluyor, kimisi de yakalan\u0131yordu. Say\u0131lar\u0131\n1000 ni a\u015fk\u0131n &nbsp;bu ter\u00f6ristleri T\u00fcrkiye,\nsahipleri olan Avrupa \u00fclkelerine bizzat kendi elleriyle teslim ediyordu. Bu ne\nacayip i\u015fti. Hani bunlar\u0131n sonu kaz\u0131nacakt\u0131? Hani harek\u00e2t, ter\u00f6ristlerin sonu\nal\u0131n\u0131ncaya kadar devam edecekti? Bunlar ter\u00f6r \u00f6rg\u00fct \u00fcyesi iseler sorgulamadan\nni\u00e7in \u00fclkelerine g\u00f6nderiyordu? Ter\u00f6r \u00f6rg\u00fct\u00fc de\u011filse, o zaman bu harek\u00e2t ni\u00e7in\nyap\u0131l\u0131yordu?<\/strong><\/p>\n\n\n\n<p><strong>&nbsp;&nbsp;&nbsp;&nbsp;&nbsp;&nbsp;&nbsp;&nbsp;&nbsp;&nbsp;&nbsp; Kamuoyu\naldat\u0131l\u0131yor. M\u00fccadele ise; gere\u011fi ve planlan- d\u0131\u011f\u0131 gibi yap\u0131l\u0131r ve su\u00e7lular\u0131n\ncezas\u0131 da verilir. Hem ter\u00f6r \u00f6rg\u00fc- t\u00fc diyecek harek\u00e2t ba\u015flatacaks\u0131n\u0131z, sonu\u00e7\ndahi almadan yakalanan ter\u00f6ristleri de Avrupa \u00fclkelerine, yani sahiplerine geri\nteslim edeceksiniz!\u2026<\/strong><\/p>\n\n\n\n<p><strong>&nbsp;&nbsp;&nbsp;&nbsp;&nbsp;&nbsp;&nbsp;&nbsp;&nbsp;&nbsp;&nbsp; Nas\u0131l\nFet\u00f6 ile m\u00fccadele denilerek yakalananlar bir m\u00fcddet sonra tahliye edildiyse\/ediliyorsa\nbu m\u00fccadele de ayn\u0131s\u0131 gibi devam etmi\u015f ve de etmektedir. <\/strong><\/p>\n\n\n\n<p><strong>&nbsp;&nbsp;&nbsp;&nbsp;&nbsp;&nbsp;&nbsp;&nbsp;&nbsp;&nbsp;&nbsp; O\nzaman halkta ister istemez soruyor tabii ki: Ter\u00f6r \u00f6rg\u00fctlerine kar\u015f\u0131 yap\u0131lan bu\nnas\u0131l bir m\u00fccadele diye? \u0130nilsin de sokaklardaki vatanda\u015flara bi sorulsun nas\u0131l\ncevap veri- yorlar?&#8230; <\/strong><\/p>\n\n\n\n<p><strong>&nbsp;&nbsp;&nbsp;&nbsp;&nbsp;&nbsp;&nbsp;&nbsp;&nbsp;&nbsp;&nbsp; Halk\nher iki m\u00fccadelede de samimiyet ve ciddiyet istiyor\u2026Bilin ki, kendinizden ba\u015fka\nasl\u0131nda hi\u00e7 kimseleri kand\u0131ram\u0131yorsunuz beyler!\u2026 Kamu vicdan\u0131 Fet\u00f6 ile yap\u0131lan\nm\u00fccadeleyi nas\u0131l samimi bulup onaylamad\u0131ysa, bunu da yani PKK ile yap\u0131lan\nm\u00fccadeleyi onaylamamaktad\u0131r\u2026<\/strong><\/p>\n","protected":false},"excerpt":{"rendered":"<p>\u00a0\u00a0\u00a0\u00a0\u00a0\u00a0\u00a0\u00a0\u00a0\u00a0\u00a0\u00a0\u00a0\u00a0\u00a0\u00a0\u00a0\u00a0\u00a0\u00a0\u00a0\u00a0\u00a0\u00a0\u00a0\u00a0\u00a0\u00a0\u00a0 Devletimizin ve milletimizin 1984 den beri gelip ba\u015f belas\u0131 halinde kangrenle\u015fmi\u015f ve \u00e7\u00f6reklenmi\u015f olan PKK [&hellip;]<\/p>\n","protected":false},"author":3,"featured_media":0,"comment_status":"open","ping_status":"open","sticky":false,"template":"","format":"standard","meta":{"footnotes":""},"categories":[14],"tags":[],"class_list":["post-174","post","type-post","status-publish","format-standard","hentry","category-makaleler"],"_links":{"self":[{"href":"https:\/\/www.selamli.com\/site\/wp-json\/wp\/v2\/posts\/174","targetHints":{"allow":["GET"]}}],"collection":[{"href":"https:\/\/www.selamli.com\/site\/wp-json\/wp\/v2\/posts"}],"about":[{"href":"https:\/\/www.selamli.com\/site\/wp-json\/wp\/v2\/types\/post"}],"author":[{"embeddable":true,"href":"https:\/\/www.selamli.com\/site\/wp-json\/wp\/v2\/users\/3"}],"replies":[{"embeddable":true,"href":"https:\/\/www.selamli.com\/site\/wp-json\/wp\/v2\/comments?post=174"}],"version-history":[{"count":2,"href":"https:\/\/www.selamli.com\/site\/wp-json\/wp\/v2\/posts\/174\/revisions"}],"predecessor-version":[{"id":176,"href":"https:\/\/www.selamli.com\/site\/wp-json\/wp\/v2\/posts\/174\/revisions\/176"}],"wp:attachment":[{"href":"https:\/\/www.selamli.com\/site\/wp-json\/wp\/v2\/media?parent=174"}],"wp:term":[{"taxonomy":"category","embeddable":true,"href":"https:\/\/www.selamli.com\/site\/wp-json\/wp\/v2\/categories?post=174"},{"taxonomy":"post_tag","embeddable":true,"href":"https:\/\/www.selamli.com\/site\/wp-json\/wp\/v2\/tags?post=174"}],"curies":[{"name":"wp","href":"https:\/\/api.w.org\/{rel}","templated":true}]}}