{"id":92,"date":"2014-03-27T20:23:54","date_gmt":"2014-03-27T20:23:54","guid":{"rendered":"https:\/\/www.selamli.com\/site\/?p=92"},"modified":"2019-10-01T20:25:50","modified_gmt":"2019-10-01T20:25:50","slug":"hayirli-olsun","status":"publish","type":"post","link":"https:\/\/www.selamli.com\/site\/2014\/03\/27\/hayirli-olsun\/","title":{"rendered":"Hay\u0131rl\u0131 Olsun"},"content":{"rendered":"\n<p>Y\u0131llardan beri t\u00fcm k\u00f6yl\u00fclerimizin g\u00fcndemi olan dernek kurma \u00e7al\u0131\u015fmalar\u0131 yo\u011fun u\u011fra\u015f\u0131lar sonucu mutlu sonla ger\u00e7ekle\u015fmi\u015f oldu. \u0130lk \u00f6nce k\u00f6y\u00fcm\u00fczde &#8220;Yama\u00e7 \u015e\u00f6leni&#8221; ad\u0131yla 2013 teki \u015fenliklerle ba\u015flanm\u0131\u015f ve 26.03.2014 \u00c7ar\u015famba t\u00fcm kanuni gerek\u00e7eler haz\u0131rlanarak valilik onay\u0131ndan sonra y\u00fcr\u00fcrl\u00fc\u011fe girmi\u015f bulunmaktad\u0131r. B\u00f6ylece seneler \u00f6nce konu\u015fulup lafta kalan, &#8220;Bizim k\u00f6yde dernek kurulmaz ve olmaz&#8221; denilen konu bir hayal iken \u015fimdi 26.03.2014 tarihinden itibaren ger\u00e7ekle\u015fmi\u015f oldu. Her t\u00fcrl\u00fc engelleri a\u015farak, b\u00fcy\u00fck bir \u00f6zveri ile \u00e7al\u0131\u015fan ve b\u0131k\u0131p usanmadan k\u00f6y\u00fcm\u00fcz\u00fcn derne\u011fini kurup t\u00fcm k\u00f6yl\u00fclerimizin hizmetine sunan, i\u015fleri aras\u0131nda yo\u011fun ko\u015fu\u015fturmalarla de\u011ferli zamanlar\u0131n\u0131 bizlerden esirgemeyen ba\u015fta say\u0131n ba\u015fkan\u0131m\u0131z Sinan Arslan ve g\u00f6revde bulunan ekibine bizler de, te\u015fekk\u00fcrlerimizi esirgemiyor ve onlara sayg\u0131lar\u0131m\u0131z\u0131 sunuyoruz&#8230;\u00a0 Resmi olarak\u00a0kurulan k\u00f6y\u00fcm\u00fcz\u00fcn derne\u011fine t\u00fcm k\u00f6yl\u00fclerimizin \u00fcye olmalar\u0131, elden gelen imkanlarla desteklenmeleri ve bu olu\u015fumun k\u00f6y\u00fcm\u00fcze faydal\u0131 olaca\u011f\u0131 d\u00fc\u015f\u00fcncesiyle her hepimizin yard\u0131mc\u0131 olmas\u0131 niyeti ta\u015f\u0131yaca\u011f\u0131n\u0131 \u00fcmit ederim. Derne\u011fimizin, t\u00fcm k\u00f6yl\u00fclerimize hay\u0131rl\u0131 ve u\u011furlu olmas\u0131n\u0131 diler nice ba\u015far\u0131l\u0131 y\u0131llara derken Allah&#8217;tan her i\u015flerinin galebe \u00e7almas\u0131n\u0131 niyaz ederim.\u00a0\u00a0<\/p>\n\n\n\n<p>EKREM ERO\u011eLU <\/p>\n","protected":false},"excerpt":{"rendered":"<p>Y\u0131llardan beri t\u00fcm k\u00f6yl\u00fclerimizin g\u00fcndemi olan dernek kurma \u00e7al\u0131\u015fmalar\u0131 yo\u011fun u\u011fra\u015f\u0131lar sonucu mutlu sonla ger\u00e7ekle\u015fmi\u015f oldu. [&hellip;]<\/p>\n","protected":false},"author":3,"featured_media":0,"comment_status":"open","ping_status":"open","sticky":false,"template":"","format":"standard","meta":{"footnotes":""},"categories":[5],"tags":[7],"class_list":["post-92","post","type-post","status-publish","format-standard","hentry","category-selamli-dernek","tag-selamli-dernek-duyuru"],"_links":{"self":[{"href":"https:\/\/www.selamli.com\/site\/wp-json\/wp\/v2\/posts\/92","targetHints":{"allow":["GET"]}}],"collection":[{"href":"https:\/\/www.selamli.com\/site\/wp-json\/wp\/v2\/posts"}],"about":[{"href":"https:\/\/www.selamli.com\/site\/wp-json\/wp\/v2\/types\/post"}],"author":[{"embeddable":true,"href":"https:\/\/www.selamli.com\/site\/wp-json\/wp\/v2\/users\/3"}],"replies":[{"embeddable":true,"href":"https:\/\/www.selamli.com\/site\/wp-json\/wp\/v2\/comments?post=92"}],"version-history":[{"count":1,"href":"https:\/\/www.selamli.com\/site\/wp-json\/wp\/v2\/posts\/92\/revisions"}],"predecessor-version":[{"id":93,"href":"https:\/\/www.selamli.com\/site\/wp-json\/wp\/v2\/posts\/92\/revisions\/93"}],"wp:attachment":[{"href":"https:\/\/www.selamli.com\/site\/wp-json\/wp\/v2\/media?parent=92"}],"wp:term":[{"taxonomy":"category","embeddable":true,"href":"https:\/\/www.selamli.com\/site\/wp-json\/wp\/v2\/categories?post=92"},{"taxonomy":"post_tag","embeddable":true,"href":"https:\/\/www.selamli.com\/site\/wp-json\/wp\/v2\/tags?post=92"}],"curies":[{"name":"wp","href":"https:\/\/api.w.org\/{rel}","templated":true}]}}