{"id":96,"date":"2014-04-16T06:29:42","date_gmt":"2014-04-16T06:29:42","guid":{"rendered":"https:\/\/www.selamli.com\/site\/?p=96"},"modified":"2019-10-01T20:36:00","modified_gmt":"2019-10-01T20:36:00","slug":"96","status":"publish","type":"post","link":"https:\/\/www.selamli.com\/site\/2014\/04\/16\/96\/","title":{"rendered":"Dernek ve \u00dcyelik"},"content":{"rendered":"\n<p>Muhterem k\u00f6yl\u00fclerimiz 26.03.2014 g\u00fcn\u00fc itibariyle k\u00f6y\u00fcm\u00fcz &#8220;Selaml\u0131 K\u00f6y\u00fc Kalk\u0131nma ve Yard\u0131mla\u015fma Derne\u011fi&#8221;&nbsp;ad\u0131yla resmen dernek kurulu\u015funu yaparak valilik onay\u0131 ile y\u00fcr\u00fcrl\u00fc\u011fe girmi\u015f bulunmaktad\u0131r. Dernek olarak k\u00f6y\u00fcm\u00fcz ve k\u00f6yl\u00fclerimize ne gibi hizmetler varsa onlar\u0131 yapmak \u00fczere yola \u00e7\u0131km\u0131\u015f bulunuyoruz. Bundan kimsenin \u015f\u00fcphesi olmamal\u0131d\u0131r. Bildi\u011finiz \u00fczere yeni kurulan dernek s\u0131f\u0131r b\u00fct\u00e7eyle g\u00f6reve ba\u015flam\u0131\u015f bulunmaktad\u0131r. Yap\u0131lacak i\u015f ve hizmetler hep bir k\u00fclfet getirmektedir. Kurulu\u015funun \u00fczerinden bir ay ge\u00e7mesine yak\u0131n \u00fcye say\u0131s\u0131 resmiyetin istedi\u011fi say\u0131ya ula\u015famam\u0131\u015ft\u0131r. \u00dcye say\u0131s\u0131, yedi ki\u015filik olan y\u00f6netim kurulunun \u00fc\u00e7 kat\u0131na ula\u015fmas\u0131 kanunen istenmektedir. Yoksa dernek risk alt\u0131na girecektir. \u015eu hususu sizlerden \u00f6zellikle istirham edece\u011fim.&nbsp;Her nerede olursak olal\u0131m fark etmez t\u00fcm k\u00f6yl\u00fclerimizden \u00fcye olmalar\u0131n\u0131 rica ediyorum. Bu i\u015f, tek k\u00f6y\u00fcm\u00fcz i\u00e7in hep k\u00f6y\u00fcm\u00fcz i\u00e7indir&#8230; Hep birlikte ele ele verilirse, yapamayaca\u011f\u0131m\u0131z i\u015f de olmayacakt\u0131r Allah&#8217;\u0131n izniyle&#8230;&nbsp;&nbsp; &nbsp;<\/p>\n\n\n\n<p>Derne\u011fimize \u00fcye olman\u0131z\u0131, siz k\u00f6y\u00fcm\u00fcz halk\u0131ndan \u00f6nemle rica ediyoruz. Bunu sizlerden beklerken hepinizi Allah&#8217;a emanet eder sayg\u0131 ve muhabbetlerimi sunar\u0131m&#8230;&nbsp;&nbsp;&nbsp;&nbsp;&nbsp; <br><br>Not : \u00dcye ba\u015fvurusu yapmak isteyenler, 0 505 824 49 79 numaradan ba\u015fkana ula\u015fabilirler.&nbsp;&nbsp; <br>Ba\u015fkan\u0131n \u00e7ek hesap numaras\u0131 : 101 734 62&nbsp;&nbsp;&nbsp; &nbsp;&nbsp;<\/p>\n\n\n\n<p>DERNEK BA\u015eKANI &nbsp; &nbsp; <br>S\u0130NAN ARSLAN <\/p>\n","protected":false},"excerpt":{"rendered":"<p>Muhterem k\u00f6yl\u00fclerimiz 26.03.2014 g\u00fcn\u00fc itibariyle k\u00f6y\u00fcm\u00fcz &#8220;Selaml\u0131 K\u00f6y\u00fc Kalk\u0131nma ve Yard\u0131mla\u015fma Derne\u011fi&#8221;&nbsp;ad\u0131yla resmen dernek kurulu\u015funu yaparak [&hellip;]<\/p>\n","protected":false},"author":4,"featured_media":100,"comment_status":"open","ping_status":"open","sticky":false,"template":"","format":"standard","meta":{"footnotes":""},"categories":[5],"tags":[7],"class_list":["post-96","post","type-post","status-publish","format-standard","has-post-thumbnail","hentry","category-selamli-dernek","tag-selamli-dernek-duyuru"],"_links":{"self":[{"href":"https:\/\/www.selamli.com\/site\/wp-json\/wp\/v2\/posts\/96","targetHints":{"allow":["GET"]}}],"collection":[{"href":"https:\/\/www.selamli.com\/site\/wp-json\/wp\/v2\/posts"}],"about":[{"href":"https:\/\/www.selamli.com\/site\/wp-json\/wp\/v2\/types\/post"}],"author":[{"embeddable":true,"href":"https:\/\/www.selamli.com\/site\/wp-json\/wp\/v2\/users\/4"}],"replies":[{"embeddable":true,"href":"https:\/\/www.selamli.com\/site\/wp-json\/wp\/v2\/comments?post=96"}],"version-history":[{"count":3,"href":"https:\/\/www.selamli.com\/site\/wp-json\/wp\/v2\/posts\/96\/revisions"}],"predecessor-version":[{"id":99,"href":"https:\/\/www.selamli.com\/site\/wp-json\/wp\/v2\/posts\/96\/revisions\/99"}],"wp:featuredmedia":[{"embeddable":true,"href":"https:\/\/www.selamli.com\/site\/wp-json\/wp\/v2\/media\/100"}],"wp:attachment":[{"href":"https:\/\/www.selamli.com\/site\/wp-json\/wp\/v2\/media?parent=96"}],"wp:term":[{"taxonomy":"category","embeddable":true,"href":"https:\/\/www.selamli.com\/site\/wp-json\/wp\/v2\/categories?post=96"},{"taxonomy":"post_tag","embeddable":true,"href":"https:\/\/www.selamli.com\/site\/wp-json\/wp\/v2\/tags?post=96"}],"curies":[{"name":"wp","href":"https:\/\/api.w.org\/{rel}","templated":true}]}}